{"id":4103,"date":"2023-07-26T10:45:28","date_gmt":"2023-07-26T10:45:28","guid":{"rendered":"https:\/\/toposatelier.com\/?p=4103"},"modified":"2023-07-26T11:46:04","modified_gmt":"2023-07-26T11:46:04","slug":"le-reve-europeen","status":"publish","type":"post","link":"https:\/\/toposatelier.com\/fr\/2023\/07\/26\/le-reve-europeen\/","title":{"rendered":"LE REVE EUROPEEN"},"content":{"rendered":"<h2 style=\"text-align: center;\">Id\u00e9es de l\u2019architecture et de la ville<\/h2>\n<p><iframe loading=\"lazy\"  id=\"_ytid_62589\"  width=\"480\" height=\"270\"  data-origwidth=\"480\" data-origheight=\"270\" src=\"https:\/\/www.youtube.com\/embed\/JClC0C-bugg?enablejsapi=1&#038;autoplay=0&#038;cc_load_policy=0&#038;cc_lang_pref=&#038;iv_load_policy=1&#038;loop=0&#038;modestbranding=0&#038;rel=1&#038;fs=1&#038;playsinline=0&#038;autohide=2&#038;theme=dark&#038;color=red&#038;controls=1&#038;\" class=\"__youtube_prefs__  epyt-is-override  no-lazyload\" title=\"YouTube player\"  allow=\"accelerometer; autoplay; clipboard-write; encrypted-media; gyroscope; picture-in-picture\" allowfullscreen data-no-lazy=\"1\" data-skipgform_ajax_framebjll=\"\"><\/iframe><\/p>\n<p>Karim Basbous est architecte DPLG, docteur de l&rsquo;EHESS de Paris, enseignant chercher \u00e0 l&rsquo;ENSA de Paris-Val-de-Seine (rattach\u00e9 au laboratoire Evcau), et \u00e0 l&rsquo;\u00c9cole polytechnique. Il est l&rsquo;auteur de <em>Avant l&rsquo;oeuvre, essai sur l&rsquo;invention architecturale<\/em>, paru en 2005 aux \u00c9ditions de l&rsquo;Imprimeur, et de plusieurs articles dans la revue <em>Le Visiteur<\/em> dont il est r\u00e9dacteur en chef depuis 2007, mais aussi dans plusieurs revues universitaires dont <em>Faces, Les Cahiers de l&rsquo;\u00c9cole de Blois, New Geographies, Albertiana, les Cahiers de l&rsquo;Herne, D\u00e9cor<\/em> ainsi que des mensuels comme <em>Le Monde diplomatique<\/em>. Le quotidien <em>Lib\u00e9ration<\/em> a publi\u00e9 en 2015 son entretien avec Julien Gester sur l&rsquo;oeuvre de Le Corbusier. Karim Basbous est par ailleurs charg\u00e9 des affaires culturelles de la Soci\u00e9t\u00e9 fran\u00e7aise des architectes. Il a si\u00e9g\u00e9 au sein de la commission Arts et bibliophilie du Centre national du livre dont il demeure rapporteur pour des livres d&rsquo;architecture.","protected":false},"excerpt":{"rendered":"<p>Id\u00e9es de l\u2019architecture et de la ville Karim Basbous est architecte DPLG, docteur de l&rsquo;EHESS de Paris, enseignant chercher \u00e0 l&rsquo;ENSA de Paris-Val-de-Seine (rattach\u00e9 au laboratoire Evcau), et \u00e0 l&rsquo;\u00c9cole polytechnique. Il est l&rsquo;auteur de Avant l&rsquo;oeuvre, essai sur l&rsquo;invention architecturale, paru en 2005 aux \u00c9ditions de l&rsquo;Imprimeur, et de plusieurs articles dans la revue..<\/p>\n","protected":false},"author":1,"featured_media":4104,"comment_status":"open","ping_status":"open","sticky":false,"template":"","format":"standard","meta":[],"categories":[1],"tags":[],"_links":{"self":[{"href":"https:\/\/toposatelier.com\/fr\/wp-json\/wp\/v2\/posts\/4103"}],"collection":[{"href":"https:\/\/toposatelier.com\/fr\/wp-json\/wp\/v2\/posts"}],"about":[{"href":"https:\/\/toposatelier.com\/fr\/wp-json\/wp\/v2\/types\/post"}],"author":[{"embeddable":true,"href":"https:\/\/toposatelier.com\/fr\/wp-json\/wp\/v2\/users\/1"}],"replies":[{"embeddable":true,"href":"https:\/\/toposatelier.com\/fr\/wp-json\/wp\/v2\/comments?post=4103"}],"version-history":[{"count":10,"href":"https:\/\/toposatelier.com\/fr\/wp-json\/wp\/v2\/posts\/4103\/revisions"}],"predecessor-version":[{"id":4114,"href":"https:\/\/toposatelier.com\/fr\/wp-json\/wp\/v2\/posts\/4103\/revisions\/4114"}],"wp:featuredmedia":[{"embeddable":true,"href":"https:\/\/toposatelier.com\/fr\/wp-json\/wp\/v2\/media\/4104"}],"wp:attachment":[{"href":"https:\/\/toposatelier.com\/fr\/wp-json\/wp\/v2\/media?parent=4103"}],"wp:term":[{"taxonomy":"category","embeddable":true,"href":"https:\/\/toposatelier.com\/fr\/wp-json\/wp\/v2\/categories?post=4103"},{"taxonomy":"post_tag","embeddable":true,"href":"https:\/\/toposatelier.com\/fr\/wp-json\/wp\/v2\/tags?post=4103"}],"curies":[{"name":"wp","href":"https:\/\/api.w.org\/{rel}","templated":true}]}}