{"id":1595,"date":"2016-06-30T16:19:18","date_gmt":"2016-06-30T16:19:18","guid":{"rendered":"http:\/\/toposatelier.com\/?p=1595"},"modified":"2021-08-30T10:44:42","modified_gmt":"2021-08-30T10:44:42","slug":"1o-lugar-concurso-de-concepcao-de-um-grupo-de-edificios-escolares-em-paris","status":"publish","type":"post","link":"https:\/\/toposatelier.com\/en\/2016\/06\/30\/1o-lugar-concurso-de-concepcao-de-um-grupo-de-edificios-escolares-em-paris\/","title":{"rendered":"1st Prize Design Competition for School Buildings in Paris"},"content":{"rendered":"<div class=\"img_left\"><img decoding=\"async\" loading=\"lazy\" class=\"alignnone wp-image-1816 size-full\" src=\"https:\/\/toposatelier.com\/wp-content\/uploads\/2016\/06\/01-copia-scaled.jpg\" alt=\"Model\" width=\"2560\" height=\"1037\" srcset=\"https:\/\/toposatelier.com\/wp-content\/uploads\/2016\/06\/01-copia-scaled.jpg 2560w, https:\/\/toposatelier.com\/wp-content\/uploads\/2016\/06\/01-copia-600x243.jpg 600w, https:\/\/toposatelier.com\/wp-content\/uploads\/2016\/06\/01-copia-300x122.jpg 300w, https:\/\/toposatelier.com\/wp-content\/uploads\/2016\/06\/01-copia-768x311.jpg 768w, https:\/\/toposatelier.com\/wp-content\/uploads\/2016\/06\/01-copia-1024x415.jpg 1024w, https:\/\/toposatelier.com\/wp-content\/uploads\/2016\/06\/01-copia-2048x830.jpg 2048w, https:\/\/toposatelier.com\/wp-content\/uploads\/2016\/06\/01-copia-1200x486.jpg 1200w, https:\/\/toposatelier.com\/wp-content\/uploads\/2016\/06\/01-copia-800x324.jpg 800w, https:\/\/toposatelier.com\/wp-content\/uploads\/2016\/06\/01-copia-385x156.jpg 385w, https:\/\/toposatelier.com\/wp-content\/uploads\/2016\/06\/01-copia-400x162.jpg 400w\" sizes=\"(max-width: 2560px) 100vw, 2560px\" \/><\/div>\n<p>&nbsp;<\/p>\n<p class=\"small\" style=\"text-align: justify;\">A Escola Prim\u00e1ria desenvolve-se no piso superior enquanto, no r\u00e9s-do-ch\u00e3o, o Centro de Lazer e o edif\u00edcio de Restaura\u00e7\u00e3o, que constituem a fachada nascente do quarteir\u00e3o, e a Escola Pr\u00e9-Prim\u00e1ria, que define a fachada sul, se abrem sobre os espa\u00e7os ajardinados do \u00abEco-bairro\u00bb<br \/>\nElevada a poente, para resguardar dos ventos dominantes, e rebaixada a sul e a nascente, para deixar penetrar os raios solares, a volumetria dos edif\u00edcios \u00e9 distribu\u00edda para cercar e proteger os espa\u00e7os dos recreios das Escolas e corresponder \u00e0 escala e ao ritmo das fachadas dos monumentos vizinhos.<br \/>\nConcebidos a partir de estruturas em madeira, os edif\u00edcios apresentam caracter\u00edsticas bem definidas para serem considerados de alta qualidade ambiental e corresponderem \u00e0s normas mais exigentes de um muito alto n\u00edvel de desempenho ambiental \u2013 no que respeita o consumo de energia, a gest\u00e3o das \u00e1guas e a escolha dos materiais utilizados.<\/p>\n<p class=\"small\" style=\"text-align: justify;\"><img decoding=\"async\" loading=\"lazy\" class=\"alignnone wp-image-1818 size-full\" src=\"https:\/\/toposatelier.com\/wp-content\/uploads\/2016\/06\/final03_21.jpg\" alt=\"Final03_21\" width=\"2516\" height=\"1019\" srcset=\"https:\/\/toposatelier.com\/wp-content\/uploads\/2016\/06\/final03_21.jpg 2516w, https:\/\/toposatelier.com\/wp-content\/uploads\/2016\/06\/final03_21-600x243.jpg 600w, https:\/\/toposatelier.com\/wp-content\/uploads\/2016\/06\/final03_21-300x122.jpg 300w, https:\/\/toposatelier.com\/wp-content\/uploads\/2016\/06\/final03_21-768x311.jpg 768w, https:\/\/toposatelier.com\/wp-content\/uploads\/2016\/06\/final03_21-1024x415.jpg 1024w, https:\/\/toposatelier.com\/wp-content\/uploads\/2016\/06\/final03_21-2048x829.jpg 2048w, https:\/\/toposatelier.com\/wp-content\/uploads\/2016\/06\/final03_21-1200x486.jpg 1200w, https:\/\/toposatelier.com\/wp-content\/uploads\/2016\/06\/final03_21-800x324.jpg 800w, https:\/\/toposatelier.com\/wp-content\/uploads\/2016\/06\/final03_21-385x156.jpg 385w, https:\/\/toposatelier.com\/wp-content\/uploads\/2016\/06\/final03_21-400x162.jpg 400w\" sizes=\"(max-width: 2516px) 100vw, 2516px\" \/><\/p>\n<p class=\"small\" style=\"text-align: justify;\">Topos \u2013 Atelier de Arquitectura, Lda. (Jean Pierre Porcher, Margarida Oliveira e Albino Freitas) associados a Barr\u00e9 Lambot Architectes, venceram o concurso de concep\u00e7\u00e3o de um grupo de edif\u00edcios escolares. Este equipamento re\u00fane uma Escola Prim\u00e1ria, uma Escola Pr\u00e9-Prim\u00e1ria, um Centro de Lazer e um edif\u00edcio de Restaura\u00e7\u00e3o Escolar com os respectivos arranjos exteriores.<br \/>\nO projecto inscreve-se na filosofia de um plano mais alargado de cria\u00e7\u00e3o de um \u00abEco-bairro\u00bb que constitui uma aposta urbana essencial, em articula\u00e7\u00e3o com os bairros existentes da cidade. Este \u00abEco-bairro\u00bb dever\u00e1 refor\u00e7ar a integra\u00e7\u00e3o do patrim\u00f3nio natural e hist\u00f3rico nomeadamente uma quinta e dois castelos classificados, situados na proximidade imediata da parcela.<br \/>\nA implanta\u00e7\u00e3o dos edif\u00edcios pretende afirmar a continuidade urbana sobre as tr\u00eas fachadas do quarteir\u00e3o. No \u00e2ngulo norte, sobre a via principal de distribui\u00e7\u00e3o, o p\u00e9-direito duplo da sala do Centro de Lazer assinala o equipamento. Ao longo dos campos arborizados que constituem o eixo visual entre os castelos, a fachada poente \u00e9 entalhada para abrigar e orientar os utentes em direc\u00e7\u00e3o \u00e0s entradas da Escola Prim\u00e1ria e da sua sala polivalente p\u00fablica.<\/p>","protected":false},"excerpt":{"rendered":"<p>&nbsp; A Escola Prim\u00e1ria desenvolve-se no piso superior enquanto, no r\u00e9s-do-ch\u00e3o, o Centro de Lazer e o edif\u00edcio de Restaura\u00e7\u00e3o, que constituem a fachada nascente do quarteir\u00e3o, e a Escola Pr\u00e9-Prim\u00e1ria, que define a fachada sul, se abrem sobre os espa\u00e7os ajardinados do \u00abEco-bairro\u00bb Elevada a poente, para resguardar dos ventos dominantes, e rebaixada a..<\/p>\n","protected":false},"author":1,"featured_media":1827,"comment_status":"open","ping_status":"open","sticky":false,"template":"","format":"standard","meta":[],"categories":[1],"tags":[],"_links":{"self":[{"href":"https:\/\/toposatelier.com\/en\/wp-json\/wp\/v2\/posts\/1595"}],"collection":[{"href":"https:\/\/toposatelier.com\/en\/wp-json\/wp\/v2\/posts"}],"about":[{"href":"https:\/\/toposatelier.com\/en\/wp-json\/wp\/v2\/types\/post"}],"author":[{"embeddable":true,"href":"https:\/\/toposatelier.com\/en\/wp-json\/wp\/v2\/users\/1"}],"replies":[{"embeddable":true,"href":"https:\/\/toposatelier.com\/en\/wp-json\/wp\/v2\/comments?post=1595"}],"version-history":[{"count":10,"href":"https:\/\/toposatelier.com\/en\/wp-json\/wp\/v2\/posts\/1595\/revisions"}],"predecessor-version":[{"id":3827,"href":"https:\/\/toposatelier.com\/en\/wp-json\/wp\/v2\/posts\/1595\/revisions\/3827"}],"wp:featuredmedia":[{"embeddable":true,"href":"https:\/\/toposatelier.com\/en\/wp-json\/wp\/v2\/media\/1827"}],"wp:attachment":[{"href":"https:\/\/toposatelier.com\/en\/wp-json\/wp\/v2\/media?parent=1595"}],"wp:term":[{"taxonomy":"category","embeddable":true,"href":"https:\/\/toposatelier.com\/en\/wp-json\/wp\/v2\/categories?post=1595"},{"taxonomy":"post_tag","embeddable":true,"href":"https:\/\/toposatelier.com\/en\/wp-json\/wp\/v2\/tags?post=1595"}],"curies":[{"name":"wp","href":"https:\/\/api.w.org\/{rel}","templated":true}]}}